{"id":18693,"date":"2026-01-04T16:31:14","date_gmt":"2026-01-04T15:31:14","guid":{"rendered":"https:\/\/vanmoer.be\/travailler-dans-le-froid-comment-la-temperature-influence-la-securite-sur-le-lieu-de-travail\/"},"modified":"2026-01-04T16:31:14","modified_gmt":"2026-01-04T15:31:14","slug":"travailler-dans-le-froid-comment-la-temperature-influence-la-securite-sur-le-lieu-de-travail","status":"publish","type":"post","link":"https:\/\/vanmoer.be\/fr\/travailler-dans-le-froid-comment-la-temperature-influence-la-securite-sur-le-lieu-de-travail\/","title":{"rendered":"Travailler dans le froid : comment la temp\u00e9rature influence la s\u00e9curit\u00e9 sur le lieu de travail"},"content":{"rendered":"","protected":false},"excerpt":{"rendered":"","protected":false},"author":1,"featured_media":18374,"comment_status":"open","ping_status":"open","sticky":false,"template":"","format":"standard","meta":{"_acf_changed":false,"inline_featured_image":false,"footnotes":""},"categories":[9],"tags":[],"class_list":["post-18693","post","type-post","status-publish","format-standard","has-post-thumbnail","hentry","category-protective-workwear"],"acf":[],"yoast_head":"<!-- This site is optimized with the Yoast SEO plugin v27.3 - https:\/\/yoast.com\/product\/yoast-seo-wordpress\/ -->\n<title>Van Moer | %%title%<\/title>\n<meta name=\"description\" content=\"Travailler dans le froid peut affecter la s\u00e9curit\u00e9 et le confort.\" \/>\n<meta name=\"robots\" content=\"index, follow, max-snippet:-1, max-image-preview:large, max-video-preview:-1\" \/>\n<link rel=\"canonical\" href=\"https:\/\/vanmoer.be\/fr\/travailler-dans-le-froid-comment-la-temperature-influence-la-securite-sur-le-lieu-de-travail\/\" \/>\n<meta property=\"og:locale\" content=\"nl_BE\" \/>\n<meta property=\"og:type\" content=\"article\" \/>\n<meta property=\"og:title\" content=\"Van Moer | %%title%\" \/>\n<meta property=\"og:description\" content=\"Travailler dans le froid peut affecter la s\u00e9curit\u00e9 et le confort.\" \/>\n<meta property=\"og:url\" content=\"https:\/\/vanmoer.be\/fr\/travailler-dans-le-froid-comment-la-temperature-influence-la-securite-sur-le-lieu-de-travail\/\" \/>\n<meta property=\"og:site_name\" content=\"Van Moer | Bedrijfskledij\" \/>\n<meta property=\"article:published_time\" content=\"2026-01-04T15:31:14+00:00\" \/>\n<meta property=\"og:image\" content=\"https:\/\/vanmoer.be\/wp-content\/uploads\/2025\/10\/Van_Moer_Werf_De_Waal-10-rev.jpg\" \/>\n\t<meta property=\"og:image:width\" content=\"1267\" \/>\n\t<meta property=\"og:image:height\" content=\"1900\" \/>\n\t<meta property=\"og:image:type\" content=\"image\/jpeg\" \/>\n<meta name=\"author\" content=\"vanmore_admin\" \/>\n<meta name=\"twitter:card\" content=\"summary_large_image\" \/>\n<meta name=\"twitter:label1\" content=\"Geschreven door\" \/>\n\t<meta name=\"twitter:data1\" content=\"vanmore_admin\" \/>\n<script type=\"application\/ld+json\" class=\"yoast-schema-graph\">{\"@context\":\"https:\\\/\\\/schema.org\",\"@graph\":[{\"@type\":\"Article\",\"@id\":\"https:\\\/\\\/vanmoer.be\\\/fr\\\/travailler-dans-le-froid-comment-la-temperature-influence-la-securite-sur-le-lieu-de-travail\\\/#article\",\"isPartOf\":{\"@id\":\"https:\\\/\\\/vanmoer.be\\\/fr\\\/travailler-dans-le-froid-comment-la-temperature-influence-la-securite-sur-le-lieu-de-travail\\\/\"},\"author\":{\"name\":\"vanmore_admin\",\"@id\":\"https:\\\/\\\/vanmoer.be\\\/fr\\\/#\\\/schema\\\/person\\\/7756a7f2bb9d8d92dd8f0738e48ea349\"},\"headline\":\"Travailler dans le froid : comment la temp\u00e9rature influence la s\u00e9curit\u00e9 sur le lieu de travail\",\"datePublished\":\"2026-01-04T15:31:14+00:00\",\"mainEntityOfPage\":{\"@id\":\"https:\\\/\\\/vanmoer.be\\\/fr\\\/travailler-dans-le-froid-comment-la-temperature-influence-la-securite-sur-le-lieu-de-travail\\\/\"},\"wordCount\":17,\"commentCount\":0,\"image\":{\"@id\":\"https:\\\/\\\/vanmoer.be\\\/fr\\\/travailler-dans-le-froid-comment-la-temperature-influence-la-securite-sur-le-lieu-de-travail\\\/#primaryimage\"},\"thumbnailUrl\":\"https:\\\/\\\/vanmoer.be\\\/wp-content\\\/uploads\\\/2025\\\/10\\\/Van_Moer_Werf_De_Waal-10-rev.jpg\",\"articleSection\":[\"Protective Workwear\"],\"inLanguage\":\"nl-BE\",\"potentialAction\":[{\"@type\":\"CommentAction\",\"name\":\"Comment\",\"target\":[\"https:\\\/\\\/vanmoer.be\\\/fr\\\/travailler-dans-le-froid-comment-la-temperature-influence-la-securite-sur-le-lieu-de-travail\\\/#respond\"]}]},{\"@type\":\"WebPage\",\"@id\":\"https:\\\/\\\/vanmoer.be\\\/fr\\\/travailler-dans-le-froid-comment-la-temperature-influence-la-securite-sur-le-lieu-de-travail\\\/\",\"url\":\"https:\\\/\\\/vanmoer.be\\\/fr\\\/travailler-dans-le-froid-comment-la-temperature-influence-la-securite-sur-le-lieu-de-travail\\\/\",\"name\":\"Van Moer | %%title%\",\"isPartOf\":{\"@id\":\"https:\\\/\\\/vanmoer.be\\\/fr\\\/#website\"},\"primaryImageOfPage\":{\"@id\":\"https:\\\/\\\/vanmoer.be\\\/fr\\\/travailler-dans-le-froid-comment-la-temperature-influence-la-securite-sur-le-lieu-de-travail\\\/#primaryimage\"},\"image\":{\"@id\":\"https:\\\/\\\/vanmoer.be\\\/fr\\\/travailler-dans-le-froid-comment-la-temperature-influence-la-securite-sur-le-lieu-de-travail\\\/#primaryimage\"},\"thumbnailUrl\":\"https:\\\/\\\/vanmoer.be\\\/wp-content\\\/uploads\\\/2025\\\/10\\\/Van_Moer_Werf_De_Waal-10-rev.jpg\",\"datePublished\":\"2026-01-04T15:31:14+00:00\",\"author\":{\"@id\":\"https:\\\/\\\/vanmoer.be\\\/fr\\\/#\\\/schema\\\/person\\\/7756a7f2bb9d8d92dd8f0738e48ea349\"},\"description\":\"Travailler dans le froid peut affecter la s\u00e9curit\u00e9 et le confort.\",\"breadcrumb\":{\"@id\":\"https:\\\/\\\/vanmoer.be\\\/fr\\\/travailler-dans-le-froid-comment-la-temperature-influence-la-securite-sur-le-lieu-de-travail\\\/#breadcrumb\"},\"inLanguage\":\"nl-BE\",\"potentialAction\":[{\"@type\":\"ReadAction\",\"target\":[\"https:\\\/\\\/vanmoer.be\\\/fr\\\/travailler-dans-le-froid-comment-la-temperature-influence-la-securite-sur-le-lieu-de-travail\\\/\"]}]},{\"@type\":\"ImageObject\",\"inLanguage\":\"nl-BE\",\"@id\":\"https:\\\/\\\/vanmoer.be\\\/fr\\\/travailler-dans-le-froid-comment-la-temperature-influence-la-securite-sur-le-lieu-de-travail\\\/#primaryimage\",\"url\":\"https:\\\/\\\/vanmoer.be\\\/wp-content\\\/uploads\\\/2025\\\/10\\\/Van_Moer_Werf_De_Waal-10-rev.jpg\",\"contentUrl\":\"https:\\\/\\\/vanmoer.be\\\/wp-content\\\/uploads\\\/2025\\\/10\\\/Van_Moer_Werf_De_Waal-10-rev.jpg\",\"width\":1267,\"height\":1900,\"caption\":\"Beschermende werkkleding\"},{\"@type\":\"BreadcrumbList\",\"@id\":\"https:\\\/\\\/vanmoer.be\\\/fr\\\/travailler-dans-le-froid-comment-la-temperature-influence-la-securite-sur-le-lieu-de-travail\\\/#breadcrumb\",\"itemListElement\":[{\"@type\":\"ListItem\",\"position\":1,\"name\":\"Home\",\"item\":\"https:\\\/\\\/vanmoer.be\\\/fr\\\/\"},{\"@type\":\"ListItem\",\"position\":2,\"name\":\"Travailler dans le froid : comment la temp\u00e9rature influence la s\u00e9curit\u00e9 sur le lieu de travail\"}]},{\"@type\":\"WebSite\",\"@id\":\"https:\\\/\\\/vanmoer.be\\\/fr\\\/#website\",\"url\":\"https:\\\/\\\/vanmoer.be\\\/fr\\\/\",\"name\":\"Van Moer | Bedrijfskledij\",\"description\":\"\",\"potentialAction\":[{\"@type\":\"SearchAction\",\"target\":{\"@type\":\"EntryPoint\",\"urlTemplate\":\"https:\\\/\\\/vanmoer.be\\\/fr\\\/?s={search_term_string}\"},\"query-input\":{\"@type\":\"PropertyValueSpecification\",\"valueRequired\":true,\"valueName\":\"search_term_string\"}}],\"inLanguage\":\"nl-BE\"},{\"@type\":\"Person\",\"@id\":\"https:\\\/\\\/vanmoer.be\\\/fr\\\/#\\\/schema\\\/person\\\/7756a7f2bb9d8d92dd8f0738e48ea349\",\"name\":\"vanmore_admin\",\"image\":{\"@type\":\"ImageObject\",\"inLanguage\":\"nl-BE\",\"@id\":\"https:\\\/\\\/secure.gravatar.com\\\/avatar\\\/1fad619b921cb598ad700bd1ab94e0eb28636ec4083dfd4eeefd626a04731731?s=96&d=mm&r=g\",\"url\":\"https:\\\/\\\/secure.gravatar.com\\\/avatar\\\/1fad619b921cb598ad700bd1ab94e0eb28636ec4083dfd4eeefd626a04731731?s=96&d=mm&r=g\",\"contentUrl\":\"https:\\\/\\\/secure.gravatar.com\\\/avatar\\\/1fad619b921cb598ad700bd1ab94e0eb28636ec4083dfd4eeefd626a04731731?s=96&d=mm&r=g\",\"caption\":\"vanmore_admin\"},\"sameAs\":[\"https:\\\/\\\/vanmoer.be\"],\"url\":\"https:\\\/\\\/vanmoer.be\\\/fr\\\/author\\\/vanmore_admin\\\/\"}]}<\/script>\n<!-- \/ Yoast SEO plugin. -->","yoast_head_json":{"title":"Van Moer | %%title%","description":"Travailler dans le froid peut affecter la s\u00e9curit\u00e9 et le confort.","robots":{"index":"index","follow":"follow","max-snippet":"max-snippet:-1","max-image-preview":"max-image-preview:large","max-video-preview":"max-video-preview:-1"},"canonical":"https:\/\/vanmoer.be\/fr\/travailler-dans-le-froid-comment-la-temperature-influence-la-securite-sur-le-lieu-de-travail\/","og_locale":"nl_BE","og_type":"article","og_title":"Van Moer | %%title%","og_description":"Travailler dans le froid peut affecter la s\u00e9curit\u00e9 et le confort.","og_url":"https:\/\/vanmoer.be\/fr\/travailler-dans-le-froid-comment-la-temperature-influence-la-securite-sur-le-lieu-de-travail\/","og_site_name":"Van Moer | Bedrijfskledij","article_published_time":"2026-01-04T15:31:14+00:00","og_image":[{"width":1267,"height":1900,"url":"https:\/\/vanmoer.be\/wp-content\/uploads\/2025\/10\/Van_Moer_Werf_De_Waal-10-rev.jpg","type":"image\/jpeg"}],"author":"vanmore_admin","twitter_card":"summary_large_image","twitter_misc":{"Geschreven door":"vanmore_admin"},"schema":{"@context":"https:\/\/schema.org","@graph":[{"@type":"Article","@id":"https:\/\/vanmoer.be\/fr\/travailler-dans-le-froid-comment-la-temperature-influence-la-securite-sur-le-lieu-de-travail\/#article","isPartOf":{"@id":"https:\/\/vanmoer.be\/fr\/travailler-dans-le-froid-comment-la-temperature-influence-la-securite-sur-le-lieu-de-travail\/"},"author":{"name":"vanmore_admin","@id":"https:\/\/vanmoer.be\/fr\/#\/schema\/person\/7756a7f2bb9d8d92dd8f0738e48ea349"},"headline":"Travailler dans le froid : comment la temp\u00e9rature influence la s\u00e9curit\u00e9 sur le lieu de travail","datePublished":"2026-01-04T15:31:14+00:00","mainEntityOfPage":{"@id":"https:\/\/vanmoer.be\/fr\/travailler-dans-le-froid-comment-la-temperature-influence-la-securite-sur-le-lieu-de-travail\/"},"wordCount":17,"commentCount":0,"image":{"@id":"https:\/\/vanmoer.be\/fr\/travailler-dans-le-froid-comment-la-temperature-influence-la-securite-sur-le-lieu-de-travail\/#primaryimage"},"thumbnailUrl":"https:\/\/vanmoer.be\/wp-content\/uploads\/2025\/10\/Van_Moer_Werf_De_Waal-10-rev.jpg","articleSection":["Protective Workwear"],"inLanguage":"nl-BE","potentialAction":[{"@type":"CommentAction","name":"Comment","target":["https:\/\/vanmoer.be\/fr\/travailler-dans-le-froid-comment-la-temperature-influence-la-securite-sur-le-lieu-de-travail\/#respond"]}]},{"@type":"WebPage","@id":"https:\/\/vanmoer.be\/fr\/travailler-dans-le-froid-comment-la-temperature-influence-la-securite-sur-le-lieu-de-travail\/","url":"https:\/\/vanmoer.be\/fr\/travailler-dans-le-froid-comment-la-temperature-influence-la-securite-sur-le-lieu-de-travail\/","name":"Van Moer | %%title%","isPartOf":{"@id":"https:\/\/vanmoer.be\/fr\/#website"},"primaryImageOfPage":{"@id":"https:\/\/vanmoer.be\/fr\/travailler-dans-le-froid-comment-la-temperature-influence-la-securite-sur-le-lieu-de-travail\/#primaryimage"},"image":{"@id":"https:\/\/vanmoer.be\/fr\/travailler-dans-le-froid-comment-la-temperature-influence-la-securite-sur-le-lieu-de-travail\/#primaryimage"},"thumbnailUrl":"https:\/\/vanmoer.be\/wp-content\/uploads\/2025\/10\/Van_Moer_Werf_De_Waal-10-rev.jpg","datePublished":"2026-01-04T15:31:14+00:00","author":{"@id":"https:\/\/vanmoer.be\/fr\/#\/schema\/person\/7756a7f2bb9d8d92dd8f0738e48ea349"},"description":"Travailler dans le froid peut affecter la s\u00e9curit\u00e9 et le confort.","breadcrumb":{"@id":"https:\/\/vanmoer.be\/fr\/travailler-dans-le-froid-comment-la-temperature-influence-la-securite-sur-le-lieu-de-travail\/#breadcrumb"},"inLanguage":"nl-BE","potentialAction":[{"@type":"ReadAction","target":["https:\/\/vanmoer.be\/fr\/travailler-dans-le-froid-comment-la-temperature-influence-la-securite-sur-le-lieu-de-travail\/"]}]},{"@type":"ImageObject","inLanguage":"nl-BE","@id":"https:\/\/vanmoer.be\/fr\/travailler-dans-le-froid-comment-la-temperature-influence-la-securite-sur-le-lieu-de-travail\/#primaryimage","url":"https:\/\/vanmoer.be\/wp-content\/uploads\/2025\/10\/Van_Moer_Werf_De_Waal-10-rev.jpg","contentUrl":"https:\/\/vanmoer.be\/wp-content\/uploads\/2025\/10\/Van_Moer_Werf_De_Waal-10-rev.jpg","width":1267,"height":1900,"caption":"Beschermende werkkleding"},{"@type":"BreadcrumbList","@id":"https:\/\/vanmoer.be\/fr\/travailler-dans-le-froid-comment-la-temperature-influence-la-securite-sur-le-lieu-de-travail\/#breadcrumb","itemListElement":[{"@type":"ListItem","position":1,"name":"Home","item":"https:\/\/vanmoer.be\/fr\/"},{"@type":"ListItem","position":2,"name":"Travailler dans le froid : comment la temp\u00e9rature influence la s\u00e9curit\u00e9 sur le lieu de travail"}]},{"@type":"WebSite","@id":"https:\/\/vanmoer.be\/fr\/#website","url":"https:\/\/vanmoer.be\/fr\/","name":"Van Moer | Bedrijfskledij","description":"","potentialAction":[{"@type":"SearchAction","target":{"@type":"EntryPoint","urlTemplate":"https:\/\/vanmoer.be\/fr\/?s={search_term_string}"},"query-input":{"@type":"PropertyValueSpecification","valueRequired":true,"valueName":"search_term_string"}}],"inLanguage":"nl-BE"},{"@type":"Person","@id":"https:\/\/vanmoer.be\/fr\/#\/schema\/person\/7756a7f2bb9d8d92dd8f0738e48ea349","name":"vanmore_admin","image":{"@type":"ImageObject","inLanguage":"nl-BE","@id":"https:\/\/secure.gravatar.com\/avatar\/1fad619b921cb598ad700bd1ab94e0eb28636ec4083dfd4eeefd626a04731731?s=96&d=mm&r=g","url":"https:\/\/secure.gravatar.com\/avatar\/1fad619b921cb598ad700bd1ab94e0eb28636ec4083dfd4eeefd626a04731731?s=96&d=mm&r=g","contentUrl":"https:\/\/secure.gravatar.com\/avatar\/1fad619b921cb598ad700bd1ab94e0eb28636ec4083dfd4eeefd626a04731731?s=96&d=mm&r=g","caption":"vanmore_admin"},"sameAs":["https:\/\/vanmoer.be"],"url":"https:\/\/vanmoer.be\/fr\/author\/vanmore_admin\/"}]}},"_links":{"self":[{"href":"https:\/\/vanmoer.be\/fr\/wp-json\/wp\/v2\/posts\/18693","targetHints":{"allow":["GET"]}}],"collection":[{"href":"https:\/\/vanmoer.be\/fr\/wp-json\/wp\/v2\/posts"}],"about":[{"href":"https:\/\/vanmoer.be\/fr\/wp-json\/wp\/v2\/types\/post"}],"author":[{"embeddable":true,"href":"https:\/\/vanmoer.be\/fr\/wp-json\/wp\/v2\/users\/1"}],"replies":[{"embeddable":true,"href":"https:\/\/vanmoer.be\/fr\/wp-json\/wp\/v2\/comments?post=18693"}],"version-history":[{"count":0,"href":"https:\/\/vanmoer.be\/fr\/wp-json\/wp\/v2\/posts\/18693\/revisions"}],"wp:featuredmedia":[{"embeddable":true,"href":"https:\/\/vanmoer.be\/fr\/wp-json\/wp\/v2\/media\/18374"}],"wp:attachment":[{"href":"https:\/\/vanmoer.be\/fr\/wp-json\/wp\/v2\/media?parent=18693"}],"wp:term":[{"taxonomy":"category","embeddable":true,"href":"https:\/\/vanmoer.be\/fr\/wp-json\/wp\/v2\/categories?post=18693"},{"taxonomy":"post_tag","embeddable":true,"href":"https:\/\/vanmoer.be\/fr\/wp-json\/wp\/v2\/tags?post=18693"}],"curies":[{"name":"wp","href":"https:\/\/api.w.org\/{rel}","templated":true}]}}